{"id":194,"date":"2017-07-06T14:56:16","date_gmt":"2017-07-06T12:56:16","guid":{"rendered":"http:\/\/xml-io.proteusthemes.com\/cargopress\/?p=194"},"modified":"2019-07-10T08:30:26","modified_gmt":"2019-07-10T06:30:26","slug":"seit-2006-unterstuetz-haaf-sts-logistik-wir-plan-international","status":"publish","type":"post","link":"https:\/\/haafsts-logistik.de\/de\/blog\/seit-2006-unterstuetz-haaf-sts-logistik-wir-plan-international\/","title":{"rendered":"Seit 2006 unterst\u00fctzt HAAF-STS Logistik Plan international"},"content":{"rendered":"<section class=\"wpb-content-wrapper\"><p>[vc_row][vc_column][vc_column_text]<\/p>\n<h5 class=\"innerpage\">Seit dem Jahr 2006 unterst\u00fctzen wir Plan international. Wir freuen uns, Ihnen unsere beiden Patenkinder vorstellen zu d\u00fcrfen:<\/h5>\n<p><!--more-->[\/vc_column_text][\/vc_column][\/vc_row][vc_row][vc_column width=&#8220;3\/4&#8243;][vc_column_text]<\/p>\n<h3 class=\"innerpage\">Unsere Patenschaften:<\/h3>\n<p><strong>Fiama, <\/strong>unser Patenkind, ist 2008 geboren und lebt in Baja Verapaz \/ <span class=\"st\">Guatemala<\/span>. Sie besucht die Grundschule und nimmt hierf\u00fcr einen t\u00e4glichen Fu\u00dfmarsch von knapp 30 Minuten auf sich. Ihre Lieblingsstunde ist Rechnen.<\/p>\n<p><strong>Hasan, <\/strong>unser Patenkind, ist 2011 geboren und lebt in einem Haus aus Metall und Bleck mit einem Dach aus Metall und Fu\u00dfboden aus Erde. Der Familie dient Holz als Brennmaterial zum Kochen. Hasan besucht die Grundschule und braucht weniger als 30 Minuten, um die Schule zu erreichen.<\/p>\n<p><span style=\"line-height: 140%; color: #003e8d;\"><strong><em>Wir versuchen mit unserer Patenschaft<br \/>\ndie Lebensqualit\u00e4t von Kindern zu verbessern.<br \/>\n<\/em><\/strong><\/span>[\/vc_column_text][vc_column_text]M\u00f6chten Sie mehr \u00fcber das Projekt von Plan international erfahren?<\/p>\n<p><a href=\"https:\/\/www.plan.de\/\" target=\"_blank\" rel=\"noopener noreferrer\">www.plan.de<\/a>[\/vc_column_text][\/vc_column][vc_column width=&#8220;1\/4&#8243;][\/vc_column][\/vc_row]<\/p>\n<\/section>","protected":false},"excerpt":{"rendered":"<p>[vc_row][vc_column][vc_column_text] Seit dem Jahr 2006 unterst\u00fctzen wir Plan international. Wir freuen uns, Ihnen unsere beiden Patenkinder vorstellen zu d\u00fcrfen:<\/p>\n","protected":false},"author":2,"featured_media":1652,"comment_status":"closed","ping_status":"closed","sticky":true,"template":"","format":"standard","meta":{"_acf_changed":false,"footnotes":""},"categories":[4],"tags":[19,20],"class_list":["post-194","post","type-post","status-publish","format-standard","has-post-thumbnail","hentry","category-patenschaften","tag-patenkinder","tag-plan-international"],"acf":[],"_links":{"self":[{"href":"https:\/\/haafsts-logistik.de\/de\/wp-json\/wp\/v2\/posts\/194"}],"collection":[{"href":"https:\/\/haafsts-logistik.de\/de\/wp-json\/wp\/v2\/posts"}],"about":[{"href":"https:\/\/haafsts-logistik.de\/de\/wp-json\/wp\/v2\/types\/post"}],"author":[{"embeddable":true,"href":"https:\/\/haafsts-logistik.de\/de\/wp-json\/wp\/v2\/users\/2"}],"replies":[{"embeddable":true,"href":"https:\/\/haafsts-logistik.de\/de\/wp-json\/wp\/v2\/comments?post=194"}],"version-history":[{"count":1,"href":"https:\/\/haafsts-logistik.de\/de\/wp-json\/wp\/v2\/posts\/194\/revisions"}],"predecessor-version":[{"id":319825,"href":"https:\/\/haafsts-logistik.de\/de\/wp-json\/wp\/v2\/posts\/194\/revisions\/319825"}],"wp:featuredmedia":[{"embeddable":true,"href":"https:\/\/haafsts-logistik.de\/de\/wp-json\/wp\/v2\/media\/1652"}],"wp:attachment":[{"href":"https:\/\/haafsts-logistik.de\/de\/wp-json\/wp\/v2\/media?parent=194"}],"wp:term":[{"taxonomy":"category","embeddable":true,"href":"https:\/\/haafsts-logistik.de\/de\/wp-json\/wp\/v2\/categories?post=194"},{"taxonomy":"post_tag","embeddable":true,"href":"https:\/\/haafsts-logistik.de\/de\/wp-json\/wp\/v2\/tags?post=194"}],"curies":[{"name":"wp","href":"https:\/\/api.w.org\/{rel}","templated":true}]}}